[{"@context":"https:\/\/schema.org\/","@type":"Article","@id":"https:\/\/www.koge.sk\/strasiak-koronavirus-prekazil-timu-arc-bratislava-ucast-na-podujatiach-v-azii\/#Article","mainEntityOfPage":"https:\/\/www.koge.sk\/strasiak-koronavirus-prekazil-timu-arc-bratislava-ucast-na-podujatiach-v-azii\/","headline":"Stra\u0161iak koronav\u00edrus prekazil t\u00edmu ARC Bratislava \u00fa\u010das\u0165 na podujatiach v \u00c1zii","name":"Stra\u0161iak koronav\u00edrus prekazil t\u00edmu ARC Bratislava \u00fa\u010das\u0165 na podujatiach v \u00c1zii","description":"Bratislavsk\u00fd motoristick\u00fd t\u00edm ARC na \u010dele so zn\u00e1mym pretek\u00e1rom Miroslavom Kon\u00f4pkom sa tento rok z\u00fa\u010dastnil s\u00e9rie Le Mans v\u00a0\u00c1zii. Je to u\u017e ich piaty \u0161tart na tomto podujat\u00ed, a\u00a0tu sa z\u00e1rove\u0148 mali aj kvalifikova\u0165 na jedno z\u00a0najsl\u00e1vnej\u0161\u00edch motoristick\u00fdch podujat\u00ed na svete \u2013 24 hod\u00edn Le Mans . Zdravie je na prvom mieste \u00c1zijsk\u00e1 sez\u00f3na pre <a href=\"https:\/\/www.koge.sk\/strasiak-koronavirus-prekazil-timu-arc-bratislava-ucast-na-podujatiach-v-azii\/\" class=\"more-link\">...<span class=\"screen-reader-text\">  Stra\u0161iak koronav\u00edrus prekazil t\u00edmu ARC Bratislava \u00fa\u010das\u0165 na podujatiach v \u00c1zii<\/span><\/a>","datePublished":"2020-02-22","dateModified":"2020-02-22","author":{"@type":"Person","@id":"https:\/\/www.koge.sk\/author\/#Person","name":"","url":"https:\/\/www.koge.sk\/author\/","identifier":1,"image":{"@type":"ImageObject","@id":"https:\/\/secure.gravatar.com\/avatar\/dcb1aeb5e7d95014cdc92e76cf3c72f6b456579bf773ad0081803a6569ffc19c?s=96&d=mm&r=g","url":"https:\/\/secure.gravatar.com\/avatar\/dcb1aeb5e7d95014cdc92e76cf3c72f6b456579bf773ad0081803a6569ffc19c?s=96&d=mm&r=g","height":96,"width":96}},"publisher":{"@type":"Organization","name":"koge.sk","logo":{"@type":"ImageObject","@id":"\/logo.png","url":"\/logo.png","width":600,"height":60}},"image":{"@type":"ImageObject","@id":"https:\/\/www.koge.sk\/wp-content\/uploads\/img_a310443_w16904_t1582741599.jpg","url":"https:\/\/www.koge.sk\/wp-content\/uploads\/img_a310443_w16904_t1582741599.jpg","height":0,"width":0},"url":"https:\/\/www.koge.sk\/strasiak-koronavirus-prekazil-timu-arc-bratislava-ucast-na-podujatiach-v-azii\/","about":["\u0160port"],"wordCount":394,"articleBody":"Bratislavsk\u00fd motoristick\u00fd t\u00edm ARC na \u010dele so zn\u00e1mym pretek\u00e1rom Miroslavom Kon\u00f4pkom sa tento rok z\u00fa\u010dastnil s\u00e9rie Le Mans v\u00a0\u00c1zii. Je to u\u017e ich piaty \u0161tart na tomto podujat\u00ed, a\u00a0tu sa z\u00e1rove\u0148 mali aj kvalifikova\u0165 na jedno z\u00a0najsl\u00e1vnej\u0161\u00edch motoristick\u00fdch podujat\u00ed na svete \u2013 24 hod\u00edn Le Mans .Zdravie je na prvom mieste\u00c1zijsk\u00e1 sez\u00f3na pre n\u00e1\u0161 t\u00edm v\u00a0tejto sez\u00f3ne nedopadla ve\u013emi naj\u0161\u0165astnej\u0161ie, ke\u010f vozidlu ch\u00fdbalo iba sto metrov do boxov a\u00a0zastalo st\u00e1\u0165, pritom bolo na poz\u00edcii l\u00eddra. To sa stalo v\u00a0\u0160anghaji, v\u00a0Bende v\u00a0Austr\u00e1lii zasa zostali bez medaily. Skon\u010dili s\u00edce tret\u00ed, ale celkovo sa umiestnili na \u0161tvrtom mieste. A\u00a0tak ich \u0161anca, \u017ee post\u00fapia na dvadsa\u0165\u0161tyri hodinovku vo\u00a0Franc\u00fazsku, nie je pr\u00edli\u0161 ve\u013ek\u00e1, preto\u017ee iba v\u00ed\u0165az triedy si m\u00f4\u017ee by\u0165 jej postupom ist\u00fd. A\u00a0k\u00a0t\u00fdmto v\u0161etk\u00fdm probl\u00e9mom sa e\u0161te pridala aj s\u00fa\u010dasn\u00e1 hrozba epid\u00e9mie koronav\u00edrusu v\u00a0danom regi\u00f3ne, odkia\u013e sa dost\u00e1va \u010falej do celej \u00c1zie. V\u00a0Thajsku a\u00a0v\u00a0Malajzii sa toti\u017e mali kona\u0165 pr\u00e1ve dve z\u00a0posledn\u00fdch podujat\u00ed, a\u00a0tak cestu do tejto oblasti cel\u00fd t\u00edm ARC Bratislava vyhodnotil ako rizikov\u00fd.\u00a0Chu\u0165 si napravia in\u00fdmi pretekmiProti s\u00fa predov\u0161etk\u00fdm t\u00edmov\u00ed in\u017einieri, ktor\u00ed s\u00fa pre nich k\u013e\u00fa\u010dov\u00ed. Hoci je fakt, \u017ee minul\u00fd rok sa im podarilo vybojova\u0165 si \u00fa\u010das\u0165 a\u017e v\u00a0posledn\u00fdch pretekoch, doslova v\u00a0poslednej hodine. Ale zdravie je najd\u00f4le\u017eitej\u0161ie, a\u00a0preto sa rozhodli pre ukon\u010denie svojej \u00fa\u010dasti.\u00a0 Ich \u0161ance s\u00fa sk\u00f4r len v teoretickej rovine, a\u00a0aj preto rozhodnutie t\u00edmu nepokra\u010dova\u0165 nie je a\u017e tak\u00e9 tragick\u00e9. Kon\u00f4pka v\u0161ak u\u017e m\u00e1 na sez\u00f3nu 2020 svoje pl\u00e1ny, r\u00e1d by slovensk\u00fdch pretek\u00e1rov vytiahol do sveta, za\u010d\u00ednaj\u00fa dvan\u00e1s\u0165 hodinovkou v\u00a0Monze, kde\u00a0\u00fa\u010das\u0165 pris\u013e\u00fabil aj jeho syn Ma\u0165o. \u010eal\u0161\u00ed sa ur\u010dite pridaj\u00fa. Na najkraj\u0161ej trati sveta, v\u00a0N\u00fcrburgringu, sa Miroslav ur\u010dite predstav\u00ed a\u00a0\u0161tartova\u0165 bude na Audi GT3 spolu s\u00a0nemeck\u00fdm t\u00edmom. Minul\u00fd rok ARC Bratislava \u0161tartoval na \u0161tyroch kontinentoch, okrem Afriky. Na ceste do Le Mans ich tento rok, bohu\u017eia\u013e, stopol koronav\u00edrus.                                                                                                                                                                                                                                                                                                                                                                                        4.1\/5 - (15 votes)        "},{"@context":"https:\/\/schema.org\/","@type":"BreadcrumbList","itemListElement":[{"@type":"ListItem","position":1,"name":"Stra\u0161iak koronav\u00edrus prekazil t\u00edmu ARC Bratislava \u00fa\u010das\u0165 na podujatiach v \u00c1zii","item":"https:\/\/www.koge.sk\/strasiak-koronavirus-prekazil-timu-arc-bratislava-ucast-na-podujatiach-v-azii\/#breadcrumbitem"}]}]