[{"@context":"https:\/\/schema.org\/","@type":"Article","@id":"https:\/\/www.koge.sk\/ktoru-vonu-parfemu-na-pranie-pouzivate-vy-na-svoje-vonave-pranie\/#Article","mainEntityOfPage":"https:\/\/www.koge.sk\/ktoru-vonu-parfemu-na-pranie-pouzivate-vy-na-svoje-vonave-pranie\/","headline":"Ktor\u00fa v\u00f4\u0148u parf\u00e9mu na pranie pou\u017e\u00edvate vy na svoje vo\u0148av\u00e9 pranie?","name":"Ktor\u00fa v\u00f4\u0148u parf\u00e9mu na pranie pou\u017e\u00edvate vy na svoje vo\u0148av\u00e9 pranie?","description":"M\u00e1te svoju ob\u013e\u00faben\u00fa v\u00f4\u0148u? A kde v\u0161ade ju vyh\u013ead\u00e1vate, kde by ste ju najrad\u0161ej st\u00e1le c\u00edtili? \u010ci u\u017e je va\u0161ou ob\u013e\u00fabenou v\u00f4\u0148ou niektor\u00e1 z t\u00fdch kvetinov\u00fdch, alebo si vyber\u00e1te citrusov\u00e9, ktor\u00e9 povzbudzuj\u00fa a osvie\u017eia, \u010di m\u00e1te radi vanilku, pi\u017emo, alebo in\u00fa exotick\u00fa ar\u00f3mu, ur\u010dite v\u00e1s va\u0161a ob\u013e\u00faben\u00e1 v\u00f4\u0148a ovplyv\u0148uje aj pri v\u00fdbere r\u00f4znych pr\u00edpravkov a <a href=\"https:\/\/www.koge.sk\/ktoru-vonu-parfemu-na-pranie-pouzivate-vy-na-svoje-vonave-pranie\/\" class=\"more-link\">...<span class=\"screen-reader-text\">  Ktor\u00fa v\u00f4\u0148u parf\u00e9mu na pranie pou\u017e\u00edvate vy na svoje vo\u0148av\u00e9 pranie?<\/span><\/a>","datePublished":"2024-12-11","dateModified":"2024-12-11","author":{"@type":"Person","@id":"https:\/\/www.koge.sk\/author\/#Person","name":"","url":"https:\/\/www.koge.sk\/author\/","identifier":1,"image":{"@type":"ImageObject","@id":"https:\/\/secure.gravatar.com\/avatar\/dcb1aeb5e7d95014cdc92e76cf3c72f6b456579bf773ad0081803a6569ffc19c?s=96&d=mm&r=g","url":"https:\/\/secure.gravatar.com\/avatar\/dcb1aeb5e7d95014cdc92e76cf3c72f6b456579bf773ad0081803a6569ffc19c?s=96&d=mm&r=g","height":96,"width":96}},"publisher":{"@type":"Organization","name":"koge.sk","logo":{"@type":"ImageObject","@id":"\/logo.png","url":"\/logo.png","width":600,"height":60}},"image":{"@type":"ImageObject","@id":"https:\/\/www.koge.sk\/wp-content\/uploads\/fern_1_1gp4BV.jpg","url":"https:\/\/www.koge.sk\/wp-content\/uploads\/fern_1_1gp4BV.jpg","height":0,"width":0},"url":"https:\/\/www.koge.sk\/ktoru-vonu-parfemu-na-pranie-pouzivate-vy-na-svoje-vonave-pranie\/","about":["Produkty"],"wordCount":443,"articleBody":"        M\u00e1te svoju ob\u013e\u00faben\u00fa v\u00f4\u0148u? A kde v\u0161ade ju vyh\u013ead\u00e1vate, kde by ste ju najrad\u0161ej st\u00e1le c\u00edtili? \u010ci u\u017e je va\u0161ou ob\u013e\u00fabenou v\u00f4\u0148ou niektor\u00e1 z t\u00fdch kvetinov\u00fdch, alebo si vyber\u00e1te citrusov\u00e9, ktor\u00e9 povzbudzuj\u00fa a osvie\u017eia, \u010di m\u00e1te radi vanilku, pi\u017emo, alebo in\u00fa exotick\u00fa ar\u00f3mu, ur\u010dite v\u00e1s va\u0161a ob\u013e\u00faben\u00e1 v\u00f4\u0148a ovplyv\u0148uje aj pri v\u00fdbere r\u00f4znych pr\u00edpravkov a produktov do dom\u00e1cnosti. V dne\u0161nej dobe maj\u00fa r\u00f4zne pr\u00edpravky, kozmetika, ale aj drog\u00e9ria a \u010distiace prostriedky nejak\u00fa pr\u00edjemn\u00fa v\u00f4\u0148u.  Pri kozmetike je to prirodzen\u00e9, preto\u017ee n\u00e1m nie je jedno, ako vonia to, \u010do si d\u00e1vame na telo alebo na tv\u00e1r. V\u00fdvoj v\u00f4ni je v zna\u010dk\u00e1ch kozmetiky alebo in\u00fdch produktoch jednou z najd\u00f4le\u017eitej\u0161\u00edch pr\u00e1c. Venuj\u00fa sa jej cel\u00e9 oddelenia odborn\u00edkov, nehovoriac o v\u00fdvoji v\u00f4n\u00ed parf\u00e9mov. A podobne je to aj pri v\u00fdvoji v\u00f4ni pre \u010distiace a pracie prostriedky, \u010di u\u017e s\u00fa konven\u010dn\u00e9, alebo ekologick\u00e9. Mnoh\u00e9 spolo\u010dnosti hovoria, \u017ee ve\u013emi starostlivo vyv\u00edjaj\u00fa jednotliv\u00e9 v\u00f4ne pre svoje produkty, ako s\u00fa napr\u00edklad aviv\u00e1\u017ee. No a dnes priniesli v\u00fdrobcovia e\u0161te vy\u0161\u0161\u00ed level pre vo\u0148av\u00e9 pranie. Never\u00edte? Sta\u010d\u00ed, ke\u010f si pozriete webov\u00fa str\u00e1nku vonavepranie.sk.  Vo\u0148av\u00e9 pranie s parf\u00e9mom len za\u010d\u00edna  Ak ste si mysleli, \u017ee va\u0161a bielize\u0148 je s aviv\u00e1\u017eou tak n\u00e1dherne vo\u0148av\u00e1 a svie\u017ea, parfem na pranie tento fakt pov\u00fd\u0161il e\u0161te na vy\u0161\u0161\u00ed level. Olejov\u00e9 parf\u00e9my na pranie toti\u017e nielen\u017ee bielizni prepo\u017ei\u010daj\u00fa n\u00e1dhern\u00fa svie\u017eu v\u00f4\u0148u, dok\u00e1\u017eu ju udr\u017eiava\u0165 omnoho, omnoho dlh\u0161ie ne\u017e be\u017en\u00e1 aviv\u00e1\u017e. Tento fakt sa dosiahol v\u010faka \u0161peci\u00e1lnej technol\u00f3gii, ktor\u00e1 umo\u017e\u0148uje v\u00f4ni parf\u00e9mu uvo\u013e\u0148ova\u0165 sa na l\u00e1tke postupne a priebe\u017ene tren\u00edm.  Ob\u013e\u00faben\u00e1 v\u00f4\u0148a?  Ale vr\u00e1\u0165me sa k va\u0161ej ob\u013e\u00fabenej v\u00f4ni. Zo \u0161irokej ponuky parf\u00e9mov na pranie od zna\u010dky Essentia Nature si ur\u010dite vyberiete ten, ktor\u00fd bude obsahova\u0165 va\u0161u ob\u013e\u00faben\u00fa vonn\u00fa zlo\u017eku. Parf\u00e9my sa toti\u017e komponuj\u00fa tak, \u017ee ich 3 vrstvy &#8211; z\u00e1klad, srdce a hlava neobsahuj\u00fa iba jednu v\u00f4\u0148u, ale hne\u010f nieko\u013eko. O to v\u00e4\u010d\u0161iu pr\u00e1cu d\u00e1 v\u0161etky tieto vonn\u00e9 zlo\u017eky dokonale zladi\u0165 pre tak n\u00e1dhern\u00fd efekt a impozantn\u00fa v\u00f4\u0148u, ktor\u00e1 bude tvori\u0165 z\u00e1klad v\u00e1\u0161ho vo\u0148av\u00e9ho prania.                                                                                                                                                                                                                                                                                                                                                                                          4.5\/5 - (14 votes)        "},{"@context":"https:\/\/schema.org\/","@type":"BreadcrumbList","itemListElement":[{"@type":"ListItem","position":1,"name":"Ktor\u00fa v\u00f4\u0148u parf\u00e9mu na pranie pou\u017e\u00edvate vy na svoje vo\u0148av\u00e9 pranie?","item":"https:\/\/www.koge.sk\/ktoru-vonu-parfemu-na-pranie-pouzivate-vy-na-svoje-vonave-pranie\/#breadcrumbitem"}]}]